{"id":3436,"date":"2024-06-10T09:00:27","date_gmt":"2024-06-10T06:00:27","guid":{"rendered":"https:\/\/evn.ee\/?p=3436"},"modified":"2024-06-11T10:06:41","modified_gmt":"2024-06-11T07:06:41","slug":"security-policy-in-europe-fireside-chat-with-carl-bildt","status":"publish","type":"post","link":"https:\/\/evn.ee\/en\/security-policy-in-europe-fireside-chat-with-carl-bildt\/","title":{"rendered":"Security policy in Europe: Fireside chat with Carl Bildt"},"content":{"rendered":"<div class=\"wpb-content-wrapper\"><p>[vc_section][vc_row css=&#8221;.vc_custom_1714642134902{margin-top: 20px !important;}&#8221;][vc_column]<div class=\"wpb_content_element \"><style type=\"text\/css\">#ut_vs_69f5d9236cbbe.ut-shortcode-video-wrap .ut-video-module-caption .ut-load-video::before { background: transparent; }#ut_vs_69f5d9236cbbe.ut-shortcode-video-wrap .ut-video-module-caption-text span { font-weight: bold; }#ut_vs_69f5d9236cbbe.ut-shortcode-video-wrap .ut-video-module-caption-text i { color: #ffffff; }#ut_vs_69f5d9236cbbe.ut-shortcode-video-wrap .ut-load-video:hover .ut-video-module-caption-text i { color: #ffffff; }#ut_vs_69f5d9236cbbe.ut-shortcode-video-wrap .ut-video-module-play-icon { background: rgba(0, 0, 0, 0.54); }#ut_vs_69f5d9236cbbe.ut-shortcode-video-wrap .ut-load-video:hover .ut-video-module-play-icon { background: rgb(29, 155, 240); }<\/style><div id=\"ut_vs_69f5d9236cbbe\" class=\"ut-shortcode-video-wrap  ut-shortcode-video-wrap-tablet- ut-shortcode-video-wrap-mobile- clearfix\" ><div id=\"ut_reveal_69f5d9236cbbf\"  class=\"ut-video-module \"><div class=\"ut-video-module-caption \"><a class=\"ut-load-video \" data-source=\"youtube\" data-autoplay=\"0\" data-nonce=\"0861e4959a\" data-location=\"inline\"   data-video=\"https:\/\/www.youtube.com\/watch?v=3LT-I7wHToI\" data-html=\"#ut_vid_69f5d9236cc24\"><img loading=\"lazy\" decoding=\"async\" class=\"ut-lozad\" src=\"data:image\/svg+xml;charset=utf-8,%3Csvg xmlns%3D'http%3A%2F%2Fwww.w3.org%2F2000%2Fsvg' viewBox%3D'0 0 1280 720'%2F%3E\" data-src=\"\/\/i.ytimg.com\/vi\/3LT-I7wHToI\/maxresdefault.jpg\" width=\"1280\" height=\"720\"><div class=\"ut-video-module-caption-text\"><div class=\"ut-video-module-inner-caption-text ut-video-module-empty-caption ut-video-module-caption-position-default\"><div class=\"ut-video-module-play-icon \"><i class=\"fa fa-play\" aria-hidden=\"true\"><\/i><\/div><\/div><\/div><\/a><\/div><div class=\"ut-video-module-loading\"><div class=\"ut-image-gallery-loader\"><div class=\"ut-image-gallery-loader-inner\"><\/div><\/div><\/div><\/div><\/div><\/div>[vc_column_text]<\/p>\n<p>Fireside chats with leading thinkers in Western Foreign and Security Policy at the Estonian Council on Foreign Relations.<\/p>\n<p>Estonian Council on Foreign Relations interview with Carl Bildt, co-chair of the European Council on Foreign Relations and former Prime Minister of Sweden. The prime minister was interviewed by Toomas Hendrik Ilves, former President of Estonia and one of the founders of the Estonian Council on Foreign Relations.<\/p>\n<p>[\/vc_column_text][\/vc_column][\/vc_row][\/vc_section]<\/p>\n<\/div>","protected":false},"excerpt":{"rendered":"<p>Interview with Carl Bildt, co-chair of the European Council on Foreign Relations and former Prime Minister of Sweden. The prime minister was interviewed by Toomas Hendrik Ilves, former President of Estonia and one of the founders of the Estonian Council on Foreign Relations.<\/p>\n","protected":false},"author":1,"featured_media":3415,"comment_status":"closed","ping_status":"open","sticky":false,"template":"","format":"standard","meta":{"footnotes":"","_links_to":"","_links_to_target":""},"categories":[64],"tags":[],"class_list":["post-3436","post","type-post","status-publish","format-standard","has-post-thumbnail","hentry","category-fireside-chats"],"yoast_head":"<!-- This site is optimized with the Yoast SEO plugin v26.8 - https:\/\/yoast.com\/product\/yoast-seo-wordpress\/ -->\n<title>Security policy in Europe: Fireside chat with Carl Bildt - Eesti V\u00e4lissuhete N\u00f5ukoda<\/title>\n<meta name=\"robots\" content=\"index, follow, max-snippet:-1, max-image-preview:large, max-video-preview:-1\" \/>\n<link rel=\"canonical\" href=\"https:\/\/evn.ee\/en\/security-policy-in-europe-fireside-chat-with-carl-bildt\/\" \/>\n<meta property=\"og:locale\" content=\"en_US\" \/>\n<meta property=\"og:type\" content=\"article\" \/>\n<meta property=\"og:title\" content=\"Security policy in Europe: Fireside chat with Carl Bildt - Eesti V\u00e4lissuhete N\u00f5ukoda\" \/>\n<meta property=\"og:description\" content=\"Interview with Carl Bildt, co-chair of the European Council on Foreign Relations and former Prime Minister of Sweden. The prime minister was interviewed by Toomas Hendrik Ilves, former President of Estonia and one of the founders of the Estonian Council on Foreign Relations.\" \/>\n<meta property=\"og:url\" content=\"https:\/\/evn.ee\/en\/security-policy-in-europe-fireside-chat-with-carl-bildt\/\" \/>\n<meta property=\"og:site_name\" content=\"Eesti V\u00e4lissuhete N\u00f5ukoda\" \/>\n<meta property=\"article:publisher\" content=\"https:\/\/www.facebook.com\/profile.php?id=100064679112143\" \/>\n<meta property=\"article:published_time\" content=\"2024-06-10T06:00:27+00:00\" \/>\n<meta property=\"article:modified_time\" content=\"2024-06-11T07:06:41+00:00\" \/>\n<meta property=\"og:image\" content=\"https:\/\/evn.ee\/wp-content\/uploads\/2024\/06\/carl-bildt-kahek6ned.webp\" \/>\n\t<meta property=\"og:image:width\" content=\"2200\" \/>\n\t<meta property=\"og:image:height\" content=\"1238\" \/>\n\t<meta property=\"og:image:type\" content=\"image\/webp\" \/>\n<meta name=\"author\" content=\"Spirited\" \/>\n<meta name=\"twitter:card\" content=\"summary_large_image\" \/>\n<meta name=\"twitter:creator\" content=\"@eestivalisnk\" \/>\n<meta name=\"twitter:site\" content=\"@eestivalisnk\" \/>\n<meta name=\"twitter:label1\" content=\"Written by\" \/>\n\t<meta name=\"twitter:data1\" content=\"Spirited\" \/>\n\t<meta name=\"twitter:label2\" content=\"Est. reading time\" \/>\n\t<meta name=\"twitter:data2\" content=\"1 minute\" \/>\n<script type=\"application\/ld+json\" class=\"yoast-schema-graph\">{\"@context\":\"https:\/\/schema.org\",\"@graph\":[{\"@type\":\"Article\",\"@id\":\"https:\/\/evn.ee\/en\/security-policy-in-europe-fireside-chat-with-carl-bildt\/#article\",\"isPartOf\":{\"@id\":\"https:\/\/evn.ee\/en\/security-policy-in-europe-fireside-chat-with-carl-bildt\/\"},\"author\":{\"name\":\"Spirited\",\"@id\":\"https:\/\/evn.ee\/#\/schema\/person\/f3a5ce981c0de9c656fbfaa099a47430\"},\"headline\":\"Security policy in Europe: Fireside chat with Carl Bildt\",\"datePublished\":\"2024-06-10T06:00:27+00:00\",\"dateModified\":\"2024-06-11T07:06:41+00:00\",\"mainEntityOfPage\":{\"@id\":\"https:\/\/evn.ee\/en\/security-policy-in-europe-fireside-chat-with-carl-bildt\/\"},\"wordCount\":138,\"publisher\":{\"@id\":\"https:\/\/evn.ee\/#organization\"},\"image\":{\"@id\":\"https:\/\/evn.ee\/en\/security-policy-in-europe-fireside-chat-with-carl-bildt\/#primaryimage\"},\"thumbnailUrl\":\"https:\/\/evn.ee\/wp-content\/uploads\/2024\/06\/carl-bildt-kahek6ned.webp\",\"articleSection\":[\"Fireside chats\"],\"inLanguage\":\"en-US\"},{\"@type\":\"WebPage\",\"@id\":\"https:\/\/evn.ee\/en\/security-policy-in-europe-fireside-chat-with-carl-bildt\/\",\"url\":\"https:\/\/evn.ee\/en\/security-policy-in-europe-fireside-chat-with-carl-bildt\/\",\"name\":\"Security policy in Europe: Fireside chat with Carl Bildt - Eesti V\u00e4lissuhete N\u00f5ukoda\",\"isPartOf\":{\"@id\":\"https:\/\/evn.ee\/#website\"},\"primaryImageOfPage\":{\"@id\":\"https:\/\/evn.ee\/en\/security-policy-in-europe-fireside-chat-with-carl-bildt\/#primaryimage\"},\"image\":{\"@id\":\"https:\/\/evn.ee\/en\/security-policy-in-europe-fireside-chat-with-carl-bildt\/#primaryimage\"},\"thumbnailUrl\":\"https:\/\/evn.ee\/wp-content\/uploads\/2024\/06\/carl-bildt-kahek6ned.webp\",\"datePublished\":\"2024-06-10T06:00:27+00:00\",\"dateModified\":\"2024-06-11T07:06:41+00:00\",\"breadcrumb\":{\"@id\":\"https:\/\/evn.ee\/en\/security-policy-in-europe-fireside-chat-with-carl-bildt\/#breadcrumb\"},\"inLanguage\":\"en-US\",\"potentialAction\":[{\"@type\":\"ReadAction\",\"target\":[\"https:\/\/evn.ee\/en\/security-policy-in-europe-fireside-chat-with-carl-bildt\/\"]}]},{\"@type\":\"ImageObject\",\"inLanguage\":\"en-US\",\"@id\":\"https:\/\/evn.ee\/en\/security-policy-in-europe-fireside-chat-with-carl-bildt\/#primaryimage\",\"url\":\"https:\/\/evn.ee\/wp-content\/uploads\/2024\/06\/carl-bildt-kahek6ned.webp\",\"contentUrl\":\"https:\/\/evn.ee\/wp-content\/uploads\/2024\/06\/carl-bildt-kahek6ned.webp\",\"width\":2200,\"height\":1238},{\"@type\":\"BreadcrumbList\",\"@id\":\"https:\/\/evn.ee\/en\/security-policy-in-europe-fireside-chat-with-carl-bildt\/#breadcrumb\",\"itemListElement\":[{\"@type\":\"ListItem\",\"position\":1,\"name\":\"Home\",\"item\":\"https:\/\/evn.ee\/en\/\"},{\"@type\":\"ListItem\",\"position\":2,\"name\":\"Security policy in Europe: Fireside chat with Carl Bildt\"}]},{\"@type\":\"WebSite\",\"@id\":\"https:\/\/evn.ee\/#website\",\"url\":\"https:\/\/evn.ee\/\",\"name\":\"Eesti V\u00e4lissuhete N\u00f5ukoda\",\"description\":\"Kodaniku\u00fchendus Eesti vaatenurki arvestava v\u00e4lispoliitika aruteluks\",\"publisher\":{\"@id\":\"https:\/\/evn.ee\/#organization\"},\"potentialAction\":[{\"@type\":\"SearchAction\",\"target\":{\"@type\":\"EntryPoint\",\"urlTemplate\":\"https:\/\/evn.ee\/?s={search_term_string}\"},\"query-input\":{\"@type\":\"PropertyValueSpecification\",\"valueRequired\":true,\"valueName\":\"search_term_string\"}}],\"inLanguage\":\"en-US\"},{\"@type\":\"Organization\",\"@id\":\"https:\/\/evn.ee\/#organization\",\"name\":\"Eesti V\u00e4lissuhete N\u00f5ukoda\",\"url\":\"https:\/\/evn.ee\/\",\"logo\":{\"@type\":\"ImageObject\",\"inLanguage\":\"en-US\",\"@id\":\"https:\/\/evn.ee\/#\/schema\/logo\/image\/\",\"url\":\"https:\/\/evn.ee\/wp-content\/uploads\/2024\/04\/EVN-logo-web-retina.webp\",\"contentUrl\":\"https:\/\/evn.ee\/wp-content\/uploads\/2024\/04\/EVN-logo-web-retina.webp\",\"width\":602,\"height\":120,\"caption\":\"Eesti V\u00e4lissuhete N\u00f5ukoda\"},\"image\":{\"@id\":\"https:\/\/evn.ee\/#\/schema\/logo\/image\/\"},\"sameAs\":[\"https:\/\/www.facebook.com\/profile.php?id=100064679112143\",\"https:\/\/x.com\/eestivalisnk\"]},{\"@type\":\"Person\",\"@id\":\"https:\/\/evn.ee\/#\/schema\/person\/f3a5ce981c0de9c656fbfaa099a47430\",\"name\":\"Spirited\",\"image\":{\"@type\":\"ImageObject\",\"inLanguage\":\"en-US\",\"@id\":\"https:\/\/evn.ee\/#\/schema\/person\/image\/\",\"url\":\"https:\/\/secure.gravatar.com\/avatar\/cdaa8b7df814180be6f2d094d6831427afb3ffe9161163deaf974cb1f258df6d?s=96&d=mm&r=g\",\"contentUrl\":\"https:\/\/secure.gravatar.com\/avatar\/cdaa8b7df814180be6f2d094d6831427afb3ffe9161163deaf974cb1f258df6d?s=96&d=mm&r=g\",\"caption\":\"Spirited\"},\"sameAs\":[\"https:\/\/evn.ee\"],\"url\":\"https:\/\/evn.ee\/en\/author\/spirited\/\"}]}<\/script>\n<!-- \/ Yoast SEO plugin. -->","yoast_head_json":{"title":"Security policy in Europe: Fireside chat with Carl Bildt - Eesti V\u00e4lissuhete N\u00f5ukoda","robots":{"index":"index","follow":"follow","max-snippet":"max-snippet:-1","max-image-preview":"max-image-preview:large","max-video-preview":"max-video-preview:-1"},"canonical":"https:\/\/evn.ee\/en\/security-policy-in-europe-fireside-chat-with-carl-bildt\/","og_locale":"en_US","og_type":"article","og_title":"Security policy in Europe: Fireside chat with Carl Bildt - Eesti V\u00e4lissuhete N\u00f5ukoda","og_description":"Interview with Carl Bildt, co-chair of the European Council on Foreign Relations and former Prime Minister of Sweden. The prime minister was interviewed by Toomas Hendrik Ilves, former President of Estonia and one of the founders of the Estonian Council on Foreign Relations.","og_url":"https:\/\/evn.ee\/en\/security-policy-in-europe-fireside-chat-with-carl-bildt\/","og_site_name":"Eesti V\u00e4lissuhete N\u00f5ukoda","article_publisher":"https:\/\/www.facebook.com\/profile.php?id=100064679112143","article_published_time":"2024-06-10T06:00:27+00:00","article_modified_time":"2024-06-11T07:06:41+00:00","og_image":[{"width":2200,"height":1238,"url":"https:\/\/evn.ee\/wp-content\/uploads\/2024\/06\/carl-bildt-kahek6ned.webp","type":"image\/webp"}],"author":"Spirited","twitter_card":"summary_large_image","twitter_creator":"@eestivalisnk","twitter_site":"@eestivalisnk","twitter_misc":{"Written by":"Spirited","Est. reading time":"1 minute"},"schema":{"@context":"https:\/\/schema.org","@graph":[{"@type":"Article","@id":"https:\/\/evn.ee\/en\/security-policy-in-europe-fireside-chat-with-carl-bildt\/#article","isPartOf":{"@id":"https:\/\/evn.ee\/en\/security-policy-in-europe-fireside-chat-with-carl-bildt\/"},"author":{"name":"Spirited","@id":"https:\/\/evn.ee\/#\/schema\/person\/f3a5ce981c0de9c656fbfaa099a47430"},"headline":"Security policy in Europe: Fireside chat with Carl Bildt","datePublished":"2024-06-10T06:00:27+00:00","dateModified":"2024-06-11T07:06:41+00:00","mainEntityOfPage":{"@id":"https:\/\/evn.ee\/en\/security-policy-in-europe-fireside-chat-with-carl-bildt\/"},"wordCount":138,"publisher":{"@id":"https:\/\/evn.ee\/#organization"},"image":{"@id":"https:\/\/evn.ee\/en\/security-policy-in-europe-fireside-chat-with-carl-bildt\/#primaryimage"},"thumbnailUrl":"https:\/\/evn.ee\/wp-content\/uploads\/2024\/06\/carl-bildt-kahek6ned.webp","articleSection":["Fireside chats"],"inLanguage":"en-US"},{"@type":"WebPage","@id":"https:\/\/evn.ee\/en\/security-policy-in-europe-fireside-chat-with-carl-bildt\/","url":"https:\/\/evn.ee\/en\/security-policy-in-europe-fireside-chat-with-carl-bildt\/","name":"Security policy in Europe: Fireside chat with Carl Bildt - Eesti V\u00e4lissuhete N\u00f5ukoda","isPartOf":{"@id":"https:\/\/evn.ee\/#website"},"primaryImageOfPage":{"@id":"https:\/\/evn.ee\/en\/security-policy-in-europe-fireside-chat-with-carl-bildt\/#primaryimage"},"image":{"@id":"https:\/\/evn.ee\/en\/security-policy-in-europe-fireside-chat-with-carl-bildt\/#primaryimage"},"thumbnailUrl":"https:\/\/evn.ee\/wp-content\/uploads\/2024\/06\/carl-bildt-kahek6ned.webp","datePublished":"2024-06-10T06:00:27+00:00","dateModified":"2024-06-11T07:06:41+00:00","breadcrumb":{"@id":"https:\/\/evn.ee\/en\/security-policy-in-europe-fireside-chat-with-carl-bildt\/#breadcrumb"},"inLanguage":"en-US","potentialAction":[{"@type":"ReadAction","target":["https:\/\/evn.ee\/en\/security-policy-in-europe-fireside-chat-with-carl-bildt\/"]}]},{"@type":"ImageObject","inLanguage":"en-US","@id":"https:\/\/evn.ee\/en\/security-policy-in-europe-fireside-chat-with-carl-bildt\/#primaryimage","url":"https:\/\/evn.ee\/wp-content\/uploads\/2024\/06\/carl-bildt-kahek6ned.webp","contentUrl":"https:\/\/evn.ee\/wp-content\/uploads\/2024\/06\/carl-bildt-kahek6ned.webp","width":2200,"height":1238},{"@type":"BreadcrumbList","@id":"https:\/\/evn.ee\/en\/security-policy-in-europe-fireside-chat-with-carl-bildt\/#breadcrumb","itemListElement":[{"@type":"ListItem","position":1,"name":"Home","item":"https:\/\/evn.ee\/en\/"},{"@type":"ListItem","position":2,"name":"Security policy in Europe: Fireside chat with Carl Bildt"}]},{"@type":"WebSite","@id":"https:\/\/evn.ee\/#website","url":"https:\/\/evn.ee\/","name":"Eesti V\u00e4lissuhete N\u00f5ukoda","description":"Kodaniku\u00fchendus Eesti vaatenurki arvestava v\u00e4lispoliitika aruteluks","publisher":{"@id":"https:\/\/evn.ee\/#organization"},"potentialAction":[{"@type":"SearchAction","target":{"@type":"EntryPoint","urlTemplate":"https:\/\/evn.ee\/?s={search_term_string}"},"query-input":{"@type":"PropertyValueSpecification","valueRequired":true,"valueName":"search_term_string"}}],"inLanguage":"en-US"},{"@type":"Organization","@id":"https:\/\/evn.ee\/#organization","name":"Eesti V\u00e4lissuhete N\u00f5ukoda","url":"https:\/\/evn.ee\/","logo":{"@type":"ImageObject","inLanguage":"en-US","@id":"https:\/\/evn.ee\/#\/schema\/logo\/image\/","url":"https:\/\/evn.ee\/wp-content\/uploads\/2024\/04\/EVN-logo-web-retina.webp","contentUrl":"https:\/\/evn.ee\/wp-content\/uploads\/2024\/04\/EVN-logo-web-retina.webp","width":602,"height":120,"caption":"Eesti V\u00e4lissuhete N\u00f5ukoda"},"image":{"@id":"https:\/\/evn.ee\/#\/schema\/logo\/image\/"},"sameAs":["https:\/\/www.facebook.com\/profile.php?id=100064679112143","https:\/\/x.com\/eestivalisnk"]},{"@type":"Person","@id":"https:\/\/evn.ee\/#\/schema\/person\/f3a5ce981c0de9c656fbfaa099a47430","name":"Spirited","image":{"@type":"ImageObject","inLanguage":"en-US","@id":"https:\/\/evn.ee\/#\/schema\/person\/image\/","url":"https:\/\/secure.gravatar.com\/avatar\/cdaa8b7df814180be6f2d094d6831427afb3ffe9161163deaf974cb1f258df6d?s=96&d=mm&r=g","contentUrl":"https:\/\/secure.gravatar.com\/avatar\/cdaa8b7df814180be6f2d094d6831427afb3ffe9161163deaf974cb1f258df6d?s=96&d=mm&r=g","caption":"Spirited"},"sameAs":["https:\/\/evn.ee"],"url":"https:\/\/evn.ee\/en\/author\/spirited\/"}]}},"_links":{"self":[{"href":"https:\/\/evn.ee\/en\/wp-json\/wp\/v2\/posts\/3436","targetHints":{"allow":["GET"]}}],"collection":[{"href":"https:\/\/evn.ee\/en\/wp-json\/wp\/v2\/posts"}],"about":[{"href":"https:\/\/evn.ee\/en\/wp-json\/wp\/v2\/types\/post"}],"author":[{"embeddable":true,"href":"https:\/\/evn.ee\/en\/wp-json\/wp\/v2\/users\/1"}],"replies":[{"embeddable":true,"href":"https:\/\/evn.ee\/en\/wp-json\/wp\/v2\/comments?post=3436"}],"version-history":[{"count":1,"href":"https:\/\/evn.ee\/en\/wp-json\/wp\/v2\/posts\/3436\/revisions"}],"predecessor-version":[{"id":3437,"href":"https:\/\/evn.ee\/en\/wp-json\/wp\/v2\/posts\/3436\/revisions\/3437"}],"wp:featuredmedia":[{"embeddable":true,"href":"https:\/\/evn.ee\/en\/wp-json\/wp\/v2\/media\/3415"}],"wp:attachment":[{"href":"https:\/\/evn.ee\/en\/wp-json\/wp\/v2\/media?parent=3436"}],"wp:term":[{"taxonomy":"category","embeddable":true,"href":"https:\/\/evn.ee\/en\/wp-json\/wp\/v2\/categories?post=3436"},{"taxonomy":"post_tag","embeddable":true,"href":"https:\/\/evn.ee\/en\/wp-json\/wp\/v2\/tags?post=3436"}],"curies":[{"name":"wp","href":"https:\/\/api.w.org\/{rel}","templated":true}]}}